{"id":21,"date":"2025-08-01T11:44:00","date_gmt":"2025-08-01T11:44:00","guid":{"rendered":"https:\/\/doramarii.com\/de\/?p=21"},"modified":"2025-08-01T21:54:51","modified_gmt":"2025-08-01T21:54:51","slug":"die-karte-in-meinen-traeumen-wo-stehe-ich-gerade","status":"publish","type":"post","link":"https:\/\/doramarii.com\/de\/2025\/die-karte-in-meinen-traeumen-wo-stehe-ich-gerade\/","title":{"rendered":"Die Karte in meinen Tr\u00e4umen &#8211; wo stehe ich gerade?"},"content":{"rendered":"\n<p><\/p>\n\n\n\n<p>Manche Tr\u00e4ume sind zur Unterhaltung da, manche Tr\u00e4ume sind gew\u00f6hnlich. Eine  Pers\u00f6nlichkeit mit einem reichen Innenleben, mit vielen Gedanken, interessante Fragen und Ziele zu erreichen ist wie ein Motor das dich durch die n\u00e4chtliche Welt tr\u00e4gt. Hast du das auch erlebt, dass du nach einer aufregenden Lekt\u00fcre ziemlich fantasievolle Tr\u00e4ume hast, wie eine Schatzsuche mit einer geheimnisvollen Karte?<\/p>\n\n\n\n<p class=\"txt-hidden\">A surreal and creative cinematic depiction of a vintage kart, with a young woman with long, flowing hair driving it along a winding mountain road at night. The scene is bathed in the ethereal glow of bioluminescent plants and mysterious, swirling lights emanating from unseen sources. Lush, vibrant foliage envelops the road, creating a sense of mystery and wonder. The composition is dynamic, with a focus on the kart speeding through the fantastical landscape. The overall aesthetic is photorealistic, with painterly elements enhancing the surreal atmosphere. The color palette is rich and saturated, with deep blues and greens contrasting with the warm glow of the lights.<\/p>\n\n\n\n<div class=\"wp-block-group has-global-padding is-layout-constrained wp-block-group-is-layout-constrained\">\n<figure class=\"wp-block-image aligncenter size-large is-resized\"><img loading=\"lazy\" decoding=\"async\" width=\"1024\" height=\"1024\" src=\"https:\/\/doramarii.com\/de\/wp-content\/uploads\/sites\/6\/2025\/08\/A-surreal-and-creative-bioluminesce-1024x1024.jpg\" alt=\"\" class=\"wp-image-32\" style=\"width:559px;height:auto\" srcset=\"https:\/\/doramarii.com\/de\/wp-content\/uploads\/sites\/6\/2025\/08\/A-surreal-and-creative-bioluminesce-1024x1024.jpg 1024w, https:\/\/doramarii.com\/de\/wp-content\/uploads\/sites\/6\/2025\/08\/A-surreal-and-creative-bioluminesce-300x300.jpg 300w, https:\/\/doramarii.com\/de\/wp-content\/uploads\/sites\/6\/2025\/08\/A-surreal-and-creative-bioluminesce-150x150.jpg 150w, https:\/\/doramarii.com\/de\/wp-content\/uploads\/sites\/6\/2025\/08\/A-surreal-and-creative-bioluminesce-768x768.jpg 768w, https:\/\/doramarii.com\/de\/wp-content\/uploads\/sites\/6\/2025\/08\/A-surreal-and-creative-bioluminesce.jpg 1120w\" sizes=\"auto, (max-width: 1024px) 100vw, 1024px\" \/><\/figure>\n\n\n\n<p class=\"has-text-align-center\"><em>Made with Canva AI<\/em><\/p>\n<\/div>\n\n\n\n<p>Es sind die Dinge, die unseren Verstand bereichern, die uns Tr\u00e4ume schenken. Was w\u00e4re dein Leben ohne Tr\u00e4ume? als ich ein Teenager war, hatte ich mich mit einem Verwandten unterhalten und hatte gefragt, was man tr\u00e4umt. &#8222;nichts&#8220;, war die Antwort und man klang traurig. Das kann nicht sein, dachte ich. Jeder hat Tr\u00e4ume. Es sei denn, man hat an das Tagtr\u00e4umen gedacht. Vielleicht hatte man gerade keine Tagtr\u00e4ume eine Zeit lang erlebt &#8230;<\/p>\n\n\n\n<div class=\"wp-block-group has-global-padding is-layout-constrained wp-block-group-is-layout-constrained\">\n<figure class=\"wp-block-image aligncenter size-full is-resized\"><img loading=\"lazy\" decoding=\"async\" width=\"810\" height=\"810\" src=\"https:\/\/doramarii.com\/de\/wp-content\/uploads\/sites\/6\/2025\/07\/sad-man.png\" alt=\"\" class=\"wp-image-27\" style=\"width:384px;height:auto\" srcset=\"https:\/\/doramarii.com\/de\/wp-content\/uploads\/sites\/6\/2025\/07\/sad-man.png 810w, https:\/\/doramarii.com\/de\/wp-content\/uploads\/sites\/6\/2025\/07\/sad-man-300x300.png 300w, https:\/\/doramarii.com\/de\/wp-content\/uploads\/sites\/6\/2025\/07\/sad-man-150x150.png 150w, https:\/\/doramarii.com\/de\/wp-content\/uploads\/sites\/6\/2025\/07\/sad-man-768x768.png 768w\" sizes=\"auto, (max-width: 810px) 100vw, 810px\" \/><\/figure>\n\n\n\n<p class=\"has-text-align-center has-small-font-size\"><em>Made with Canva AI<\/em><\/p>\n<\/div>\n\n\n\n<p>Manche N\u00e4chte sind zu kurz und die Tr\u00e4ume sind auch kurz und wenige. Lange N\u00e4chte und ein tiefer Schlaf neigen dazu das Gegenteil zu bewirken. Wacht man morgens mitten in einem Traum, das ist f\u00fcr mich ein gutes Zeichen dass man genug Schlaf bekommen hat und die seelische Batterie wieder voll ist. Das ist auch ein Zeichen daf\u00fcr, dass du mit deiner eigenen Intuition verbunden bist, denn wenige Tr\u00e4ume \u00fcber einen l\u00e4ngeren Zeitraum bedeuten dass du diese Verbindung geschw\u00e4cht oder verloren hast.<\/p>\n\n\n\n<div class=\"wp-block-group has-global-padding is-layout-constrained wp-block-group-is-layout-constrained\">\n<figure class=\"wp-block-image aligncenter size-full is-resized\"><img loading=\"lazy\" decoding=\"async\" width=\"560\" height=\"560\" src=\"https:\/\/doramarii.com\/de\/wp-content\/uploads\/sites\/6\/2025\/07\/kids-pirates-fun.png\" alt=\"\" class=\"wp-image-26\" style=\"width:372px;height:auto\" srcset=\"https:\/\/doramarii.com\/de\/wp-content\/uploads\/sites\/6\/2025\/07\/kids-pirates-fun.png 560w, https:\/\/doramarii.com\/de\/wp-content\/uploads\/sites\/6\/2025\/07\/kids-pirates-fun-300x300.png 300w, https:\/\/doramarii.com\/de\/wp-content\/uploads\/sites\/6\/2025\/07\/kids-pirates-fun-150x150.png 150w\" sizes=\"auto, (max-width: 560px) 100vw, 560px\" \/><\/figure>\n\n\n\n<p class=\"has-text-align-center has-small-font-size\"><em>Made with Canva AI<\/em><\/p>\n<\/div>\n\n\n\n<p>Und dennoch, haben Tr\u00e4ume eine Bedeutung? Es ist in jeder Kultur anders. In manche L\u00e4nder sind die meisten Menschen sicher, dass Tr\u00e4ume eine Bedeutung haben. Sehr oft habe ich mich gefragt, was bedeutet mein Traum. Manchmal schreibe ich das auf, um die Beschreibung sp\u00e4ter nochmal zu lesen. Und ehrlich gesagt, die meisten Tr\u00e4ume vergesse ich bald wieder. Es scheint so, als es einige &#8222;Symbole&#8220; sich wiederholen und das passiert vermutlich, weil sie zu einem bestimmten Teil oder Eigenschaft meiner Pers\u00f6nlichkeit &#8222;passen&#8220;. Eins davon w\u00e4re die Schule, zum Beispiel, im Unterricht dabei zu sein oder eine Pr\u00fcfung zu schreiben.<\/p>\n\n\n\n<p>Einige Male habe ich auch eine Karte getr\u00e4umt, mitten in einer Reiseplanung. &#8222;Wir fahren zuerst dahin und dann dahin &#8230;&#8220; Die g\u00e4ngigste Interpretation ist, dass man darauf sieht, wo man sich gerade in seinem Leben befindet und wie man zur &#8222;Fahrtrichtung&#8220; steht. Wichiger als die Lage auf der Karte ist das Gef\u00fchl, was man dabei hat, ob unsicher, bereit, aufgeregt und so weiter. Ist man in einem unbekannten Land im Urlaub oder hat man seine Eltern besucht und will zur\u00fcck nach Hause fahren? Es sind Hinweise auf unsere W\u00fcnsche und Sehns\u00fcchte &#8230;<\/p>\n\n\n\n<p><\/p>\n","protected":false},"excerpt":{"rendered":"<p>Manche Tr\u00e4ume sind zur Unterhaltung da, manche Tr\u00e4ume sind gew\u00f6hnlich. Eine Pers\u00f6nlichkeit mit einem reichen Innenleben, mit vielen Gedanken, interessante Fragen und Ziele zu erreichen ist wie ein Motor das dich durch die n\u00e4chtliche Welt tr\u00e4gt. Hast du das auch erlebt, dass du nach einer aufregenden Lekt\u00fcre ziemlich fantasievolle Tr\u00e4ume hast, wie eine Schatzsuche mit [&hellip;]<\/p>\n","protected":false},"author":1,"featured_media":22,"comment_status":"open","ping_status":"open","sticky":false,"template":"","format":"standard","meta":{"sfsi_plus_gutenberg_text_before_share":"","sfsi_plus_gutenberg_show_text_before_share":"","sfsi_plus_gutenberg_icon_type":"","sfsi_plus_gutenberg_icon_alignemt":"","sfsi_plus_gutenburg_max_per_row":"","footnotes":""},"categories":[12],"tags":[14,13,15],"class_list":["post-21","post","type-post","status-publish","format-standard","has-post-thumbnail","hentry","category-traeume","tag-bedeuteung-von-traeume","tag-seelische-batterie-fuellen","tag-traumkarte"],"yoast_head":"<!-- This site is optimized with the Yoast SEO Premium plugin v26.2 (Yoast SEO v26.2) - https:\/\/yoast.com\/wordpress\/plugins\/seo\/ -->\n<title>Die Karte in meinen Tr\u00e4umen - wo stehe ich gerade? - Dora Marii Gedichte und Kurzgeschichten<\/title>\n<meta name=\"description\" content=\"Hast du auch fantasievolle Tr\u00e4ume, wie eine Schatzsuche mit einer geheimnisvollen Karte?\" \/>\n<meta name=\"robots\" content=\"index, follow, max-snippet:-1, max-image-preview:large, max-video-preview:-1\" \/>\n<link rel=\"canonical\" href=\"https:\/\/doramarii.com\/de\/2025\/die-karte-in-meinen-traeumen-wo-stehe-ich-gerade\/\" \/>\n<meta property=\"og:locale\" content=\"de_DE\" \/>\n<meta property=\"og:type\" content=\"article\" \/>\n<meta property=\"og:title\" content=\"Die Karte in meinen Tr\u00e4umen - wo stehe ich gerade?\" \/>\n<meta property=\"og:description\" content=\"Hast du auch fantasievolle Tr\u00e4ume, wie eine Schatzsuche mit einer geheimnisvollen Karte?\" \/>\n<meta property=\"og:url\" content=\"https:\/\/doramarii.com\/de\/2025\/die-karte-in-meinen-traeumen-wo-stehe-ich-gerade\/\" \/>\n<meta property=\"og:site_name\" content=\"Dora Marii Gedichte und Kurzgeschichten\" \/>\n<meta property=\"article:published_time\" content=\"2025-08-01T11:44:00+00:00\" \/>\n<meta property=\"article:modified_time\" content=\"2025-08-01T21:54:51+00:00\" \/>\n<meta property=\"og:image\" content=\"https:\/\/doramarii.com\/de\/wp-content\/uploads\/sites\/6\/2025\/08\/A-surreal-and-creative-bioluminesce.jpg\" \/>\n\t<meta property=\"og:image:width\" content=\"1120\" \/>\n\t<meta property=\"og:image:height\" content=\"1120\" \/>\n\t<meta property=\"og:image:type\" content=\"image\/jpeg\" \/>\n<meta name=\"author\" content=\"dora marii\" \/>\n<meta name=\"twitter:card\" content=\"summary_large_image\" \/>\n<meta name=\"twitter:creator\" content=\"@marii_dora\" \/>\n<meta name=\"twitter:site\" content=\"@marii_dora\" \/>\n<meta name=\"twitter:label1\" content=\"Verfasst von\" \/>\n\t<meta name=\"twitter:data1\" content=\"dora marii\" \/>\n\t<meta name=\"twitter:label2\" content=\"Gesch\u00e4tzte Lesezeit\" \/>\n\t<meta name=\"twitter:data2\" content=\"4\u00a0Minuten\" \/>\n<script type=\"application\/ld+json\" class=\"yoast-schema-graph\">{\"@context\":\"https:\/\/schema.org\",\"@graph\":[{\"@type\":[\"Article\",\"BlogPosting\"],\"@id\":\"https:\/\/doramarii.com\/de\/2025\/die-karte-in-meinen-traeumen-wo-stehe-ich-gerade\/#article\",\"isPartOf\":{\"@id\":\"https:\/\/doramarii.com\/de\/2025\/die-karte-in-meinen-traeumen-wo-stehe-ich-gerade\/\"},\"author\":{\"name\":\"dora marii\",\"@id\":\"https:\/\/doramarii.com\/de\/#\/schema\/person\/41dbcb16ba246a725faac83caf93ce68\"},\"headline\":\"Die Karte in meinen Tr\u00e4umen &#8211; wo stehe ich gerade?\",\"datePublished\":\"2025-08-01T11:44:00+00:00\",\"dateModified\":\"2025-08-01T21:54:51+00:00\",\"mainEntityOfPage\":{\"@id\":\"https:\/\/doramarii.com\/de\/2025\/die-karte-in-meinen-traeumen-wo-stehe-ich-gerade\/\"},\"wordCount\":566,\"commentCount\":0,\"publisher\":{\"@id\":\"https:\/\/doramarii.com\/de\/#\/schema\/person\/41dbcb16ba246a725faac83caf93ce68\"},\"image\":{\"@id\":\"https:\/\/doramarii.com\/de\/2025\/die-karte-in-meinen-traeumen-wo-stehe-ich-gerade\/#primaryimage\"},\"thumbnailUrl\":\"https:\/\/doramarii.com\/de\/wp-content\/uploads\/sites\/6\/2025\/07\/sleeping-4-kdp-cover-butterflies-schmetterlinge-dora-scaled-e1752783869198.png\",\"keywords\":[\"bedeuteung von tr\u00e4ume\",\"seelische Batterie f\u00fcllen\",\"traumkarte\"],\"articleSection\":[\"Tr\u00e4ume\"],\"inLanguage\":\"de\",\"potentialAction\":[{\"@type\":\"CommentAction\",\"name\":\"Comment\",\"target\":[\"https:\/\/doramarii.com\/de\/2025\/die-karte-in-meinen-traeumen-wo-stehe-ich-gerade\/#respond\"]}]},{\"@type\":\"WebPage\",\"@id\":\"https:\/\/doramarii.com\/de\/2025\/die-karte-in-meinen-traeumen-wo-stehe-ich-gerade\/\",\"url\":\"https:\/\/doramarii.com\/de\/2025\/die-karte-in-meinen-traeumen-wo-stehe-ich-gerade\/\",\"name\":\"Die Karte in meinen Tr\u00e4umen - wo stehe ich gerade? - Dora Marii Gedichte und Kurzgeschichten\",\"isPartOf\":{\"@id\":\"https:\/\/doramarii.com\/de\/#website\"},\"primaryImageOfPage\":{\"@id\":\"https:\/\/doramarii.com\/de\/2025\/die-karte-in-meinen-traeumen-wo-stehe-ich-gerade\/#primaryimage\"},\"image\":{\"@id\":\"https:\/\/doramarii.com\/de\/2025\/die-karte-in-meinen-traeumen-wo-stehe-ich-gerade\/#primaryimage\"},\"thumbnailUrl\":\"https:\/\/doramarii.com\/de\/wp-content\/uploads\/sites\/6\/2025\/07\/sleeping-4-kdp-cover-butterflies-schmetterlinge-dora-scaled-e1752783869198.png\",\"datePublished\":\"2025-08-01T11:44:00+00:00\",\"dateModified\":\"2025-08-01T21:54:51+00:00\",\"description\":\"Hast du auch fantasievolle Tr\u00e4ume, wie eine Schatzsuche mit einer geheimnisvollen Karte?\",\"breadcrumb\":{\"@id\":\"https:\/\/doramarii.com\/de\/2025\/die-karte-in-meinen-traeumen-wo-stehe-ich-gerade\/#breadcrumb\"},\"inLanguage\":\"de\",\"potentialAction\":[{\"@type\":\"ReadAction\",\"target\":[\"https:\/\/doramarii.com\/de\/2025\/die-karte-in-meinen-traeumen-wo-stehe-ich-gerade\/\"]}]},{\"@type\":\"ImageObject\",\"inLanguage\":\"de\",\"@id\":\"https:\/\/doramarii.com\/de\/2025\/die-karte-in-meinen-traeumen-wo-stehe-ich-gerade\/#primaryimage\",\"url\":\"https:\/\/doramarii.com\/de\/wp-content\/uploads\/sites\/6\/2025\/07\/sleeping-4-kdp-cover-butterflies-schmetterlinge-dora-scaled-e1752783869198.png\",\"contentUrl\":\"https:\/\/doramarii.com\/de\/wp-content\/uploads\/sites\/6\/2025\/07\/sleeping-4-kdp-cover-butterflies-schmetterlinge-dora-scaled-e1752783869198.png\",\"width\":2560,\"height\":2133},{\"@type\":\"BreadcrumbList\",\"@id\":\"https:\/\/doramarii.com\/de\/2025\/die-karte-in-meinen-traeumen-wo-stehe-ich-gerade\/#breadcrumb\",\"itemListElement\":[{\"@type\":\"ListItem\",\"position\":1,\"name\":\"Home\",\"item\":\"https:\/\/doramarii.com\/de\/\"},{\"@type\":\"ListItem\",\"position\":2,\"name\":\"Die Karte in meinen Tr\u00e4umen &#8211; wo stehe ich gerade?\"}]},{\"@type\":\"WebSite\",\"@id\":\"https:\/\/doramarii.com\/de\/#website\",\"url\":\"https:\/\/doramarii.com\/de\/\",\"name\":\"Dora Marii Poetry and Life Blog\",\"description\":\"\",\"publisher\":{\"@id\":\"https:\/\/doramarii.com\/de\/#\/schema\/person\/41dbcb16ba246a725faac83caf93ce68\"},\"potentialAction\":[{\"@type\":\"SearchAction\",\"target\":{\"@type\":\"EntryPoint\",\"urlTemplate\":\"https:\/\/doramarii.com\/de\/?s={search_term_string}\"},\"query-input\":{\"@type\":\"PropertyValueSpecification\",\"valueRequired\":true,\"valueName\":\"search_term_string\"}}],\"inLanguage\":\"de\"},{\"@type\":[\"Person\",\"Organization\"],\"@id\":\"https:\/\/doramarii.com\/de\/#\/schema\/person\/41dbcb16ba246a725faac83caf93ce68\",\"name\":\"dora marii\",\"image\":{\"@type\":\"ImageObject\",\"inLanguage\":\"de\",\"@id\":\"https:\/\/doramarii.com\/de\/#\/schema\/person\/image\/\",\"url\":\"https:\/\/secure.gravatar.com\/avatar\/8c09a6d8a2ff1d6c5033822d589f16d4d1d167e384e1dc775fe8e2494b0b866c?s=96&d=mm&r=g\",\"contentUrl\":\"https:\/\/secure.gravatar.com\/avatar\/8c09a6d8a2ff1d6c5033822d589f16d4d1d167e384e1dc775fe8e2494b0b866c?s=96&d=mm&r=g\",\"caption\":\"dora marii\"},\"logo\":{\"@id\":\"https:\/\/doramarii.com\/de\/#\/schema\/person\/image\/\"},\"sameAs\":[\"http:\/\/www.doramarii.com\",\"https:\/\/www.instagram.com\/longing_of_the_sea\/\",\"https:\/\/de.pinterest.com\/doramarii\/\",\"https:\/\/x.com\/marii_dora\"],\"award\":[\"Wildsound Festival - Poetry of the Year 2016\"],\"knowsLanguage\":[\"English\",\"Romanian\",\"German\"],\"url\":\"https:\/\/doramarii.com\/de\/author\/dmeditor\/\"}]}<\/script>\n<!-- \/ Yoast SEO Premium plugin. -->","yoast_head_json":{"title":"Die Karte in meinen Tr\u00e4umen - wo stehe ich gerade? - Dora Marii Gedichte und Kurzgeschichten","description":"Hast du auch fantasievolle Tr\u00e4ume, wie eine Schatzsuche mit einer geheimnisvollen Karte?","robots":{"index":"index","follow":"follow","max-snippet":"max-snippet:-1","max-image-preview":"max-image-preview:large","max-video-preview":"max-video-preview:-1"},"canonical":"https:\/\/doramarii.com\/de\/2025\/die-karte-in-meinen-traeumen-wo-stehe-ich-gerade\/","og_locale":"de_DE","og_type":"article","og_title":"Die Karte in meinen Tr\u00e4umen - wo stehe ich gerade?","og_description":"Hast du auch fantasievolle Tr\u00e4ume, wie eine Schatzsuche mit einer geheimnisvollen Karte?","og_url":"https:\/\/doramarii.com\/de\/2025\/die-karte-in-meinen-traeumen-wo-stehe-ich-gerade\/","og_site_name":"Dora Marii Gedichte und Kurzgeschichten","article_published_time":"2025-08-01T11:44:00+00:00","article_modified_time":"2025-08-01T21:54:51+00:00","og_image":[{"width":1120,"height":1120,"url":"https:\/\/doramarii.com\/de\/wp-content\/uploads\/sites\/6\/2025\/08\/A-surreal-and-creative-bioluminesce.jpg","type":"image\/jpeg"}],"author":"dora marii","twitter_card":"summary_large_image","twitter_creator":"@marii_dora","twitter_site":"@marii_dora","twitter_misc":{"Verfasst von":"dora marii","Gesch\u00e4tzte Lesezeit":"4\u00a0Minuten"},"schema":{"@context":"https:\/\/schema.org","@graph":[{"@type":["Article","BlogPosting"],"@id":"https:\/\/doramarii.com\/de\/2025\/die-karte-in-meinen-traeumen-wo-stehe-ich-gerade\/#article","isPartOf":{"@id":"https:\/\/doramarii.com\/de\/2025\/die-karte-in-meinen-traeumen-wo-stehe-ich-gerade\/"},"author":{"name":"dora marii","@id":"https:\/\/doramarii.com\/de\/#\/schema\/person\/41dbcb16ba246a725faac83caf93ce68"},"headline":"Die Karte in meinen Tr\u00e4umen &#8211; wo stehe ich gerade?","datePublished":"2025-08-01T11:44:00+00:00","dateModified":"2025-08-01T21:54:51+00:00","mainEntityOfPage":{"@id":"https:\/\/doramarii.com\/de\/2025\/die-karte-in-meinen-traeumen-wo-stehe-ich-gerade\/"},"wordCount":566,"commentCount":0,"publisher":{"@id":"https:\/\/doramarii.com\/de\/#\/schema\/person\/41dbcb16ba246a725faac83caf93ce68"},"image":{"@id":"https:\/\/doramarii.com\/de\/2025\/die-karte-in-meinen-traeumen-wo-stehe-ich-gerade\/#primaryimage"},"thumbnailUrl":"https:\/\/doramarii.com\/de\/wp-content\/uploads\/sites\/6\/2025\/07\/sleeping-4-kdp-cover-butterflies-schmetterlinge-dora-scaled-e1752783869198.png","keywords":["bedeuteung von tr\u00e4ume","seelische Batterie f\u00fcllen","traumkarte"],"articleSection":["Tr\u00e4ume"],"inLanguage":"de","potentialAction":[{"@type":"CommentAction","name":"Comment","target":["https:\/\/doramarii.com\/de\/2025\/die-karte-in-meinen-traeumen-wo-stehe-ich-gerade\/#respond"]}]},{"@type":"WebPage","@id":"https:\/\/doramarii.com\/de\/2025\/die-karte-in-meinen-traeumen-wo-stehe-ich-gerade\/","url":"https:\/\/doramarii.com\/de\/2025\/die-karte-in-meinen-traeumen-wo-stehe-ich-gerade\/","name":"Die Karte in meinen Tr\u00e4umen - wo stehe ich gerade? - Dora Marii Gedichte und Kurzgeschichten","isPartOf":{"@id":"https:\/\/doramarii.com\/de\/#website"},"primaryImageOfPage":{"@id":"https:\/\/doramarii.com\/de\/2025\/die-karte-in-meinen-traeumen-wo-stehe-ich-gerade\/#primaryimage"},"image":{"@id":"https:\/\/doramarii.com\/de\/2025\/die-karte-in-meinen-traeumen-wo-stehe-ich-gerade\/#primaryimage"},"thumbnailUrl":"https:\/\/doramarii.com\/de\/wp-content\/uploads\/sites\/6\/2025\/07\/sleeping-4-kdp-cover-butterflies-schmetterlinge-dora-scaled-e1752783869198.png","datePublished":"2025-08-01T11:44:00+00:00","dateModified":"2025-08-01T21:54:51+00:00","description":"Hast du auch fantasievolle Tr\u00e4ume, wie eine Schatzsuche mit einer geheimnisvollen Karte?","breadcrumb":{"@id":"https:\/\/doramarii.com\/de\/2025\/die-karte-in-meinen-traeumen-wo-stehe-ich-gerade\/#breadcrumb"},"inLanguage":"de","potentialAction":[{"@type":"ReadAction","target":["https:\/\/doramarii.com\/de\/2025\/die-karte-in-meinen-traeumen-wo-stehe-ich-gerade\/"]}]},{"@type":"ImageObject","inLanguage":"de","@id":"https:\/\/doramarii.com\/de\/2025\/die-karte-in-meinen-traeumen-wo-stehe-ich-gerade\/#primaryimage","url":"https:\/\/doramarii.com\/de\/wp-content\/uploads\/sites\/6\/2025\/07\/sleeping-4-kdp-cover-butterflies-schmetterlinge-dora-scaled-e1752783869198.png","contentUrl":"https:\/\/doramarii.com\/de\/wp-content\/uploads\/sites\/6\/2025\/07\/sleeping-4-kdp-cover-butterflies-schmetterlinge-dora-scaled-e1752783869198.png","width":2560,"height":2133},{"@type":"BreadcrumbList","@id":"https:\/\/doramarii.com\/de\/2025\/die-karte-in-meinen-traeumen-wo-stehe-ich-gerade\/#breadcrumb","itemListElement":[{"@type":"ListItem","position":1,"name":"Home","item":"https:\/\/doramarii.com\/de\/"},{"@type":"ListItem","position":2,"name":"Die Karte in meinen Tr\u00e4umen &#8211; wo stehe ich gerade?"}]},{"@type":"WebSite","@id":"https:\/\/doramarii.com\/de\/#website","url":"https:\/\/doramarii.com\/de\/","name":"Dora Marii Poetry and Life Blog","description":"","publisher":{"@id":"https:\/\/doramarii.com\/de\/#\/schema\/person\/41dbcb16ba246a725faac83caf93ce68"},"potentialAction":[{"@type":"SearchAction","target":{"@type":"EntryPoint","urlTemplate":"https:\/\/doramarii.com\/de\/?s={search_term_string}"},"query-input":{"@type":"PropertyValueSpecification","valueRequired":true,"valueName":"search_term_string"}}],"inLanguage":"de"},{"@type":["Person","Organization"],"@id":"https:\/\/doramarii.com\/de\/#\/schema\/person\/41dbcb16ba246a725faac83caf93ce68","name":"dora marii","image":{"@type":"ImageObject","inLanguage":"de","@id":"https:\/\/doramarii.com\/de\/#\/schema\/person\/image\/","url":"https:\/\/secure.gravatar.com\/avatar\/8c09a6d8a2ff1d6c5033822d589f16d4d1d167e384e1dc775fe8e2494b0b866c?s=96&d=mm&r=g","contentUrl":"https:\/\/secure.gravatar.com\/avatar\/8c09a6d8a2ff1d6c5033822d589f16d4d1d167e384e1dc775fe8e2494b0b866c?s=96&d=mm&r=g","caption":"dora marii"},"logo":{"@id":"https:\/\/doramarii.com\/de\/#\/schema\/person\/image\/"},"sameAs":["http:\/\/www.doramarii.com","https:\/\/www.instagram.com\/longing_of_the_sea\/","https:\/\/de.pinterest.com\/doramarii\/","https:\/\/x.com\/marii_dora"],"award":["Wildsound Festival - Poetry of the Year 2016"],"knowsLanguage":["English","Romanian","German"],"url":"https:\/\/doramarii.com\/de\/author\/dmeditor\/"}]}},"_links":{"self":[{"href":"https:\/\/doramarii.com\/de\/wp-json\/wp\/v2\/posts\/21","targetHints":{"allow":["GET"]}}],"collection":[{"href":"https:\/\/doramarii.com\/de\/wp-json\/wp\/v2\/posts"}],"about":[{"href":"https:\/\/doramarii.com\/de\/wp-json\/wp\/v2\/types\/post"}],"author":[{"embeddable":true,"href":"https:\/\/doramarii.com\/de\/wp-json\/wp\/v2\/users\/1"}],"replies":[{"embeddable":true,"href":"https:\/\/doramarii.com\/de\/wp-json\/wp\/v2\/comments?post=21"}],"version-history":[{"count":8,"href":"https:\/\/doramarii.com\/de\/wp-json\/wp\/v2\/posts\/21\/revisions"}],"predecessor-version":[{"id":38,"href":"https:\/\/doramarii.com\/de\/wp-json\/wp\/v2\/posts\/21\/revisions\/38"}],"wp:featuredmedia":[{"embeddable":true,"href":"https:\/\/doramarii.com\/de\/wp-json\/wp\/v2\/media\/22"}],"wp:attachment":[{"href":"https:\/\/doramarii.com\/de\/wp-json\/wp\/v2\/media?parent=21"}],"wp:term":[{"taxonomy":"category","embeddable":true,"href":"https:\/\/doramarii.com\/de\/wp-json\/wp\/v2\/categories?post=21"},{"taxonomy":"post_tag","embeddable":true,"href":"https:\/\/doramarii.com\/de\/wp-json\/wp\/v2\/tags?post=21"}],"curies":[{"name":"wp","href":"https:\/\/api.w.org\/{rel}","templated":true}]}}